{"id":22404,"date":"2024-02-14T12:06:00","date_gmt":"2024-02-14T10:06:00","guid":{"rendered":"https:\/\/cmc.iwn.co\/?p=22404"},"modified":"2024-04-22T12:06:42","modified_gmt":"2024-04-22T09:06:42","slug":"jari-mustonen-utsedd-till-interimsdirektor-for-cmc-finland","status":"publish","type":"post","link":"https:\/\/www.cmcfinland.fi\/sv\/jari-mustonen-utsedd-till-interimsdirektor-for-cmc-finland\/","title":{"rendered":"Jari Mustonen utsedd till Interimsdirekt\u00f6r f\u00f6r CMC Finland"},"content":{"rendered":"\n<p>Vi \u00e4r glada att kunna meddela att som Kirsi Henriksson, Direkt\u00f6ren f\u00f6r Krishanteringscentret CMC Finland kommer att ta p\u00e5 sig nya ansvarsomr\u00e5den som Vice Verkst\u00e4llande Direkt\u00f6r f\u00f6r Civilian Planning and Conduct Capability (CPCC), ansvarig f\u00f6r Europeiska Utrikestj\u00e4nstens Civilkrishanteringsoperationer, Jari Mustonen, Ledande expert&nbsp;p\u00e5 Enheten f\u00f6r Personal och Insatsst\u00f6d &nbsp;tilltr\u00e4der rollen som Interimsdirekt\u00f6r med start p\u00e5 16.2.<\/p>\n\n\n\n<p>Tj\u00e4nsten som chef f\u00f6r CMC Finland kommer att utlysas under innevarande \u00e5r.<\/p>\n","protected":false},"excerpt":{"rendered":"<p>Vi \u00e4r glada att kunna meddela att som Kirsi Henriksson, Direkt\u00f6ren f\u00f6r Krishanteringscentret CMC Finland kommer att ta p\u00e5 sig nya ansvarsomr\u00e5den som Vice Verkst\u00e4llande Direkt\u00f6r f\u00f6r Civilian Planning and Conduct Capability (CPCC), ansvarig f\u00f6r Europeiska Utrikestj\u00e4nstens Civilkrishanteringsoperationer, Jari Mustonen, Ledande expert&nbsp;p\u00e5 Enheten f\u00f6r Personal och Insatsst\u00f6d &nbsp;tilltr\u00e4der rollen som Interimsdirekt\u00f6r med start p\u00e5 16.2. &#8230; <a title=\"Jari Mustonen utsedd till Interimsdirekt\u00f6r f\u00f6r CMC Finland\" class=\"read-more\" href=\"https:\/\/www.cmcfinland.fi\/sv\/jari-mustonen-utsedd-till-interimsdirektor-for-cmc-finland\/\" aria-label=\"Read more about Jari Mustonen utsedd till Interimsdirekt\u00f6r f\u00f6r CMC Finland\">L\u00e4s mer<\/a><\/p>\n","protected":false},"author":1,"featured_media":21299,"comment_status":"open","ping_status":"open","sticky":false,"template":"","format":"standard","meta":{"_acf_changed":false,"_relevanssi_hide_post":"","_relevanssi_hide_content":"","_relevanssi_pin_for_all":"","_relevanssi_pin_keywords":"","_relevanssi_unpin_keywords":"","_relevanssi_related_keywords":"","_relevanssi_related_include_ids":"","_relevanssi_related_exclude_ids":"","_relevanssi_related_no_append":"","_relevanssi_related_not_related":"","_relevanssi_related_posts":"18275,12367,8185,18179,17279,11597","_relevanssi_noindex_reason":"","footnotes":""},"categories":[3],"tags":[],"class_list":["post-22404","post","type-post","status-publish","format-standard","has-post-thumbnail","hentry","category-aktuella-handelser"],"acf":[],"gutentor_comment":0,"yoast_head":"<!-- This site is optimized with the Yoast SEO plugin v27.4 - https:\/\/yoast.com\/product\/yoast-seo-wordpress\/ -->\n<title>Jari Mustonen utsedd till Interimsdirekt\u00f6r f\u00f6r CMC Finland - CMC Finland<\/title>\n<meta name=\"robots\" content=\"index, follow, max-snippet:-1, max-image-preview:large, max-video-preview:-1\" \/>\n<link rel=\"canonical\" href=\"https:\/\/www.cmcfinland.fi\/sv\/jari-mustonen-utsedd-till-interimsdirektor-for-cmc-finland\/\" \/>\n<meta property=\"og:locale\" content=\"sv_SE\" \/>\n<meta property=\"og:type\" content=\"article\" \/>\n<meta property=\"og:title\" content=\"Jari Mustonen utsedd till Interimsdirekt\u00f6r f\u00f6r CMC Finland - CMC Finland\" \/>\n<meta property=\"og:description\" content=\"Vi \u00e4r glada att kunna meddela att som Kirsi Henriksson, Direkt\u00f6ren f\u00f6r Krishanteringscentret CMC Finland kommer att ta p\u00e5 sig nya ansvarsomr\u00e5den som Vice Verkst\u00e4llande Direkt\u00f6r f\u00f6r Civilian Planning and Conduct Capability (CPCC), ansvarig f\u00f6r Europeiska Utrikestj\u00e4nstens Civilkrishanteringsoperationer, Jari Mustonen, Ledande expert&nbsp;p\u00e5 Enheten f\u00f6r Personal och Insatsst\u00f6d &nbsp;tilltr\u00e4der rollen som Interimsdirekt\u00f6r med start p\u00e5 16.2. ... L\u00e4s mer\" \/>\n<meta property=\"og:url\" content=\"https:\/\/www.cmcfinland.fi\/sv\/jari-mustonen-utsedd-till-interimsdirektor-for-cmc-finland\/\" \/>\n<meta property=\"og:site_name\" content=\"CMC Finland\" \/>\n<meta property=\"article:publisher\" content=\"https:\/\/www.facebook.com\/cmc.finland\/\" \/>\n<meta property=\"article:published_time\" content=\"2024-02-14T10:06:00+00:00\" \/>\n<meta property=\"article:modified_time\" content=\"2024-04-22T09:06:42+00:00\" \/>\n<meta property=\"og:image\" content=\"https:\/\/www.cmcfinland.fi\/wp-content\/uploads\/2024\/04\/uusi-vakio-kuva.png\" \/>\n\t<meta property=\"og:image:width\" content=\"1048\" \/>\n\t<meta property=\"og:image:height\" content=\"619\" \/>\n\t<meta property=\"og:image:type\" content=\"image\/png\" \/>\n<meta name=\"author\" content=\"cmcfi_yllapito\" \/>\n<meta name=\"twitter:card\" content=\"summary_large_image\" \/>\n<meta name=\"twitter:creator\" content=\"@CMCFinland\" \/>\n<meta name=\"twitter:site\" content=\"@CMCFinland\" \/>\n<meta name=\"twitter:label1\" content=\"Written by\" \/>\n\t<meta name=\"twitter:data1\" content=\"cmcfi_yllapito\" \/>\n\t<meta name=\"twitter:label2\" content=\"Est. reading time\" \/>\n\t<meta name=\"twitter:data2\" content=\"1 minute\" \/>\n<script type=\"application\/ld+json\" class=\"yoast-schema-graph\">{\"@context\":\"https:\\\/\\\/schema.org\",\"@graph\":[{\"@type\":\"Article\",\"@id\":\"https:\\\/\\\/www.cmcfinland.fi\\\/sv\\\/jari-mustonen-utsedd-till-interimsdirektor-for-cmc-finland\\\/#article\",\"isPartOf\":{\"@id\":\"https:\\\/\\\/www.cmcfinland.fi\\\/sv\\\/jari-mustonen-utsedd-till-interimsdirektor-for-cmc-finland\\\/\"},\"author\":{\"name\":\"cmcfi_yllapito\",\"@id\":\"https:\\\/\\\/www.cmcfinland.fi\\\/#\\\/schema\\\/person\\\/9e2011526eb9cd9a88919f6759aab35e\"},\"headline\":\"Jari Mustonen utsedd till Interimsdirekt\u00f6r f\u00f6r CMC Finland\",\"datePublished\":\"2024-02-14T10:06:00+00:00\",\"dateModified\":\"2024-04-22T09:06:42+00:00\",\"mainEntityOfPage\":{\"@id\":\"https:\\\/\\\/www.cmcfinland.fi\\\/sv\\\/jari-mustonen-utsedd-till-interimsdirektor-for-cmc-finland\\\/\"},\"wordCount\":93,\"commentCount\":0,\"publisher\":{\"@id\":\"https:\\\/\\\/www.cmcfinland.fi\\\/#organization\"},\"image\":{\"@id\":\"https:\\\/\\\/www.cmcfinland.fi\\\/sv\\\/jari-mustonen-utsedd-till-interimsdirektor-for-cmc-finland\\\/#primaryimage\"},\"thumbnailUrl\":\"https:\\\/\\\/www.cmcfinland.fi\\\/wp-content\\\/uploads\\\/2024\\\/04\\\/uusi-vakio-kuva.png\",\"articleSection\":[\"Aktuella h\u00e4ndelser\"],\"inLanguage\":\"sv-SE\"},{\"@type\":\"WebPage\",\"@id\":\"https:\\\/\\\/www.cmcfinland.fi\\\/sv\\\/jari-mustonen-utsedd-till-interimsdirektor-for-cmc-finland\\\/\",\"url\":\"https:\\\/\\\/www.cmcfinland.fi\\\/sv\\\/jari-mustonen-utsedd-till-interimsdirektor-for-cmc-finland\\\/\",\"name\":\"Jari Mustonen utsedd till Interimsdirekt\u00f6r f\u00f6r CMC Finland - CMC Finland\",\"isPartOf\":{\"@id\":\"https:\\\/\\\/www.cmcfinland.fi\\\/#website\"},\"primaryImageOfPage\":{\"@id\":\"https:\\\/\\\/www.cmcfinland.fi\\\/sv\\\/jari-mustonen-utsedd-till-interimsdirektor-for-cmc-finland\\\/#primaryimage\"},\"image\":{\"@id\":\"https:\\\/\\\/www.cmcfinland.fi\\\/sv\\\/jari-mustonen-utsedd-till-interimsdirektor-for-cmc-finland\\\/#primaryimage\"},\"thumbnailUrl\":\"https:\\\/\\\/www.cmcfinland.fi\\\/wp-content\\\/uploads\\\/2024\\\/04\\\/uusi-vakio-kuva.png\",\"datePublished\":\"2024-02-14T10:06:00+00:00\",\"dateModified\":\"2024-04-22T09:06:42+00:00\",\"breadcrumb\":{\"@id\":\"https:\\\/\\\/www.cmcfinland.fi\\\/sv\\\/jari-mustonen-utsedd-till-interimsdirektor-for-cmc-finland\\\/#breadcrumb\"},\"inLanguage\":\"sv-SE\",\"potentialAction\":[{\"@type\":\"ReadAction\",\"target\":[\"https:\\\/\\\/www.cmcfinland.fi\\\/sv\\\/jari-mustonen-utsedd-till-interimsdirektor-for-cmc-finland\\\/\"]}]},{\"@type\":\"ImageObject\",\"inLanguage\":\"sv-SE\",\"@id\":\"https:\\\/\\\/www.cmcfinland.fi\\\/sv\\\/jari-mustonen-utsedd-till-interimsdirektor-for-cmc-finland\\\/#primaryimage\",\"url\":\"https:\\\/\\\/www.cmcfinland.fi\\\/wp-content\\\/uploads\\\/2024\\\/04\\\/uusi-vakio-kuva.png\",\"contentUrl\":\"https:\\\/\\\/www.cmcfinland.fi\\\/wp-content\\\/uploads\\\/2024\\\/04\\\/uusi-vakio-kuva.png\",\"width\":1048,\"height\":619},{\"@type\":\"BreadcrumbList\",\"@id\":\"https:\\\/\\\/www.cmcfinland.fi\\\/sv\\\/jari-mustonen-utsedd-till-interimsdirektor-for-cmc-finland\\\/#breadcrumb\",\"itemListElement\":[{\"@type\":\"ListItem\",\"position\":1,\"name\":\"Framsida\",\"item\":\"https:\\\/\\\/www.cmcfinland.fi\\\/sv\\\/\"},{\"@type\":\"ListItem\",\"position\":2,\"name\":\"Jari Mustonen utsedd till Interimsdirekt\u00f6r f\u00f6r CMC Finland\"}]},{\"@type\":\"WebSite\",\"@id\":\"https:\\\/\\\/www.cmcfinland.fi\\\/#website\",\"url\":\"https:\\\/\\\/www.cmcfinland.fi\\\/\",\"name\":\"CMC Finland\",\"description\":\"Kriisinhallintakeskus\",\"publisher\":{\"@id\":\"https:\\\/\\\/www.cmcfinland.fi\\\/#organization\"},\"potentialAction\":[{\"@type\":\"SearchAction\",\"target\":{\"@type\":\"EntryPoint\",\"urlTemplate\":\"https:\\\/\\\/www.cmcfinland.fi\\\/?s={search_term_string}\"},\"query-input\":{\"@type\":\"PropertyValueSpecification\",\"valueRequired\":true,\"valueName\":\"search_term_string\"}}],\"inLanguage\":\"sv-SE\"},{\"@type\":\"Organization\",\"@id\":\"https:\\\/\\\/www.cmcfinland.fi\\\/#organization\",\"name\":\"CMC Finland\",\"url\":\"https:\\\/\\\/www.cmcfinland.fi\\\/\",\"logo\":{\"@type\":\"ImageObject\",\"inLanguage\":\"sv-SE\",\"@id\":\"https:\\\/\\\/www.cmcfinland.fi\\\/#\\\/schema\\\/logo\\\/image\\\/\",\"url\":\"https:\\\/\\\/www.cmcfinland.fi\\\/wp-content\\\/uploads\\\/2024\\\/01\\\/CMC_finland_logo_musta.png\",\"contentUrl\":\"https:\\\/\\\/www.cmcfinland.fi\\\/wp-content\\\/uploads\\\/2024\\\/01\\\/CMC_finland_logo_musta.png\",\"width\":272,\"height\":88,\"caption\":\"CMC Finland\"},\"image\":{\"@id\":\"https:\\\/\\\/www.cmcfinland.fi\\\/#\\\/schema\\\/logo\\\/image\\\/\"},\"sameAs\":[\"https:\\\/\\\/www.facebook.com\\\/cmc.finland\\\/\",\"https:\\\/\\\/x.com\\\/CMCFinland\",\"https:\\\/\\\/www.instagram.com\\\/cmc.finland\\\/\",\"https:\\\/\\\/www.youtube.com\\\/channel\\\/UC49g1WmKq81Amw1ZUa5ZRKA\",\"https:\\\/\\\/www.linkedin.com\\\/company\\\/crisis-management-centre-cmc-finland\\\/\"]},{\"@type\":\"Person\",\"@id\":\"https:\\\/\\\/www.cmcfinland.fi\\\/#\\\/schema\\\/person\\\/9e2011526eb9cd9a88919f6759aab35e\",\"name\":\"cmcfi_yllapito\",\"image\":{\"@type\":\"ImageObject\",\"inLanguage\":\"sv-SE\",\"@id\":\"https:\\\/\\\/secure.gravatar.com\\\/avatar\\\/ed5bdd899d421d2e3a63b8be58c45a13f8253cfa2658bdcdb11d93cfebd1e5ba?s=96&d=mm&r=g\",\"url\":\"https:\\\/\\\/secure.gravatar.com\\\/avatar\\\/ed5bdd899d421d2e3a63b8be58c45a13f8253cfa2658bdcdb11d93cfebd1e5ba?s=96&d=mm&r=g\",\"contentUrl\":\"https:\\\/\\\/secure.gravatar.com\\\/avatar\\\/ed5bdd899d421d2e3a63b8be58c45a13f8253cfa2658bdcdb11d93cfebd1e5ba?s=96&d=mm&r=g\",\"caption\":\"cmcfi_yllapito\"}}]}<\/script>\n<!-- \/ Yoast SEO plugin. -->","yoast_head_json":{"title":"Jari Mustonen utsedd till Interimsdirekt\u00f6r f\u00f6r CMC Finland - CMC Finland","robots":{"index":"index","follow":"follow","max-snippet":"max-snippet:-1","max-image-preview":"max-image-preview:large","max-video-preview":"max-video-preview:-1"},"canonical":"https:\/\/www.cmcfinland.fi\/sv\/jari-mustonen-utsedd-till-interimsdirektor-for-cmc-finland\/","og_locale":"sv_SE","og_type":"article","og_title":"Jari Mustonen utsedd till Interimsdirekt\u00f6r f\u00f6r CMC Finland - CMC Finland","og_description":"Vi \u00e4r glada att kunna meddela att som Kirsi Henriksson, Direkt\u00f6ren f\u00f6r Krishanteringscentret CMC Finland kommer att ta p\u00e5 sig nya ansvarsomr\u00e5den som Vice Verkst\u00e4llande Direkt\u00f6r f\u00f6r Civilian Planning and Conduct Capability (CPCC), ansvarig f\u00f6r Europeiska Utrikestj\u00e4nstens Civilkrishanteringsoperationer, Jari Mustonen, Ledande expert&nbsp;p\u00e5 Enheten f\u00f6r Personal och Insatsst\u00f6d &nbsp;tilltr\u00e4der rollen som Interimsdirekt\u00f6r med start p\u00e5 16.2. ... L\u00e4s mer","og_url":"https:\/\/www.cmcfinland.fi\/sv\/jari-mustonen-utsedd-till-interimsdirektor-for-cmc-finland\/","og_site_name":"CMC Finland","article_publisher":"https:\/\/www.facebook.com\/cmc.finland\/","article_published_time":"2024-02-14T10:06:00+00:00","article_modified_time":"2024-04-22T09:06:42+00:00","og_image":[{"width":1048,"height":619,"url":"https:\/\/www.cmcfinland.fi\/wp-content\/uploads\/2024\/04\/uusi-vakio-kuva.png","type":"image\/png"}],"author":"cmcfi_yllapito","twitter_card":"summary_large_image","twitter_creator":"@CMCFinland","twitter_site":"@CMCFinland","twitter_misc":{"Written by":"cmcfi_yllapito","Est. reading time":"1 minute"},"schema":{"@context":"https:\/\/schema.org","@graph":[{"@type":"Article","@id":"https:\/\/www.cmcfinland.fi\/sv\/jari-mustonen-utsedd-till-interimsdirektor-for-cmc-finland\/#article","isPartOf":{"@id":"https:\/\/www.cmcfinland.fi\/sv\/jari-mustonen-utsedd-till-interimsdirektor-for-cmc-finland\/"},"author":{"name":"cmcfi_yllapito","@id":"https:\/\/www.cmcfinland.fi\/#\/schema\/person\/9e2011526eb9cd9a88919f6759aab35e"},"headline":"Jari Mustonen utsedd till Interimsdirekt\u00f6r f\u00f6r CMC Finland","datePublished":"2024-02-14T10:06:00+00:00","dateModified":"2024-04-22T09:06:42+00:00","mainEntityOfPage":{"@id":"https:\/\/www.cmcfinland.fi\/sv\/jari-mustonen-utsedd-till-interimsdirektor-for-cmc-finland\/"},"wordCount":93,"commentCount":0,"publisher":{"@id":"https:\/\/www.cmcfinland.fi\/#organization"},"image":{"@id":"https:\/\/www.cmcfinland.fi\/sv\/jari-mustonen-utsedd-till-interimsdirektor-for-cmc-finland\/#primaryimage"},"thumbnailUrl":"https:\/\/www.cmcfinland.fi\/wp-content\/uploads\/2024\/04\/uusi-vakio-kuva.png","articleSection":["Aktuella h\u00e4ndelser"],"inLanguage":"sv-SE"},{"@type":"WebPage","@id":"https:\/\/www.cmcfinland.fi\/sv\/jari-mustonen-utsedd-till-interimsdirektor-for-cmc-finland\/","url":"https:\/\/www.cmcfinland.fi\/sv\/jari-mustonen-utsedd-till-interimsdirektor-for-cmc-finland\/","name":"Jari Mustonen utsedd till Interimsdirekt\u00f6r f\u00f6r CMC Finland - CMC Finland","isPartOf":{"@id":"https:\/\/www.cmcfinland.fi\/#website"},"primaryImageOfPage":{"@id":"https:\/\/www.cmcfinland.fi\/sv\/jari-mustonen-utsedd-till-interimsdirektor-for-cmc-finland\/#primaryimage"},"image":{"@id":"https:\/\/www.cmcfinland.fi\/sv\/jari-mustonen-utsedd-till-interimsdirektor-for-cmc-finland\/#primaryimage"},"thumbnailUrl":"https:\/\/www.cmcfinland.fi\/wp-content\/uploads\/2024\/04\/uusi-vakio-kuva.png","datePublished":"2024-02-14T10:06:00+00:00","dateModified":"2024-04-22T09:06:42+00:00","breadcrumb":{"@id":"https:\/\/www.cmcfinland.fi\/sv\/jari-mustonen-utsedd-till-interimsdirektor-for-cmc-finland\/#breadcrumb"},"inLanguage":"sv-SE","potentialAction":[{"@type":"ReadAction","target":["https:\/\/www.cmcfinland.fi\/sv\/jari-mustonen-utsedd-till-interimsdirektor-for-cmc-finland\/"]}]},{"@type":"ImageObject","inLanguage":"sv-SE","@id":"https:\/\/www.cmcfinland.fi\/sv\/jari-mustonen-utsedd-till-interimsdirektor-for-cmc-finland\/#primaryimage","url":"https:\/\/www.cmcfinland.fi\/wp-content\/uploads\/2024\/04\/uusi-vakio-kuva.png","contentUrl":"https:\/\/www.cmcfinland.fi\/wp-content\/uploads\/2024\/04\/uusi-vakio-kuva.png","width":1048,"height":619},{"@type":"BreadcrumbList","@id":"https:\/\/www.cmcfinland.fi\/sv\/jari-mustonen-utsedd-till-interimsdirektor-for-cmc-finland\/#breadcrumb","itemListElement":[{"@type":"ListItem","position":1,"name":"Framsida","item":"https:\/\/www.cmcfinland.fi\/sv\/"},{"@type":"ListItem","position":2,"name":"Jari Mustonen utsedd till Interimsdirekt\u00f6r f\u00f6r CMC Finland"}]},{"@type":"WebSite","@id":"https:\/\/www.cmcfinland.fi\/#website","url":"https:\/\/www.cmcfinland.fi\/","name":"CMC Finland","description":"Kriisinhallintakeskus","publisher":{"@id":"https:\/\/www.cmcfinland.fi\/#organization"},"potentialAction":[{"@type":"SearchAction","target":{"@type":"EntryPoint","urlTemplate":"https:\/\/www.cmcfinland.fi\/?s={search_term_string}"},"query-input":{"@type":"PropertyValueSpecification","valueRequired":true,"valueName":"search_term_string"}}],"inLanguage":"sv-SE"},{"@type":"Organization","@id":"https:\/\/www.cmcfinland.fi\/#organization","name":"CMC Finland","url":"https:\/\/www.cmcfinland.fi\/","logo":{"@type":"ImageObject","inLanguage":"sv-SE","@id":"https:\/\/www.cmcfinland.fi\/#\/schema\/logo\/image\/","url":"https:\/\/www.cmcfinland.fi\/wp-content\/uploads\/2024\/01\/CMC_finland_logo_musta.png","contentUrl":"https:\/\/www.cmcfinland.fi\/wp-content\/uploads\/2024\/01\/CMC_finland_logo_musta.png","width":272,"height":88,"caption":"CMC Finland"},"image":{"@id":"https:\/\/www.cmcfinland.fi\/#\/schema\/logo\/image\/"},"sameAs":["https:\/\/www.facebook.com\/cmc.finland\/","https:\/\/x.com\/CMCFinland","https:\/\/www.instagram.com\/cmc.finland\/","https:\/\/www.youtube.com\/channel\/UC49g1WmKq81Amw1ZUa5ZRKA","https:\/\/www.linkedin.com\/company\/crisis-management-centre-cmc-finland\/"]},{"@type":"Person","@id":"https:\/\/www.cmcfinland.fi\/#\/schema\/person\/9e2011526eb9cd9a88919f6759aab35e","name":"cmcfi_yllapito","image":{"@type":"ImageObject","inLanguage":"sv-SE","@id":"https:\/\/secure.gravatar.com\/avatar\/ed5bdd899d421d2e3a63b8be58c45a13f8253cfa2658bdcdb11d93cfebd1e5ba?s=96&d=mm&r=g","url":"https:\/\/secure.gravatar.com\/avatar\/ed5bdd899d421d2e3a63b8be58c45a13f8253cfa2658bdcdb11d93cfebd1e5ba?s=96&d=mm&r=g","contentUrl":"https:\/\/secure.gravatar.com\/avatar\/ed5bdd899d421d2e3a63b8be58c45a13f8253cfa2658bdcdb11d93cfebd1e5ba?s=96&d=mm&r=g","caption":"cmcfi_yllapito"}}]}},"_links":{"self":[{"href":"https:\/\/www.cmcfinland.fi\/sv\/wp-json\/wp\/v2\/posts\/22404","targetHints":{"allow":["GET"]}}],"collection":[{"href":"https:\/\/www.cmcfinland.fi\/sv\/wp-json\/wp\/v2\/posts"}],"about":[{"href":"https:\/\/www.cmcfinland.fi\/sv\/wp-json\/wp\/v2\/types\/post"}],"author":[{"embeddable":true,"href":"https:\/\/www.cmcfinland.fi\/sv\/wp-json\/wp\/v2\/users\/1"}],"replies":[{"embeddable":true,"href":"https:\/\/www.cmcfinland.fi\/sv\/wp-json\/wp\/v2\/comments?post=22404"}],"version-history":[{"count":1,"href":"https:\/\/www.cmcfinland.fi\/sv\/wp-json\/wp\/v2\/posts\/22404\/revisions"}],"predecessor-version":[{"id":22405,"href":"https:\/\/www.cmcfinland.fi\/sv\/wp-json\/wp\/v2\/posts\/22404\/revisions\/22405"}],"wp:featuredmedia":[{"embeddable":true,"href":"https:\/\/www.cmcfinland.fi\/sv\/wp-json\/wp\/v2\/media\/21299"}],"wp:attachment":[{"href":"https:\/\/www.cmcfinland.fi\/sv\/wp-json\/wp\/v2\/media?parent=22404"}],"wp:term":[{"taxonomy":"category","embeddable":true,"href":"https:\/\/www.cmcfinland.fi\/sv\/wp-json\/wp\/v2\/categories?post=22404"},{"taxonomy":"post_tag","embeddable":true,"href":"https:\/\/www.cmcfinland.fi\/sv\/wp-json\/wp\/v2\/tags?post=22404"}],"curies":[{"name":"wp","href":"https:\/\/api.w.org\/{rel}","templated":true}]}}